{"id":4316,"date":"2017-07-28T13:40:30","date_gmt":"2017-07-28T11:40:30","guid":{"rendered":"http:\/\/www.4winds.it\/wordpress\/?p=4316"},"modified":"2026-03-13T10:31:14","modified_gmt":"2026-03-13T09:31:14","slug":"scandinavia-in-inverno-eco-friendly","status":"publish","type":"post","link":"http:\/\/www.4winds.it\/wordpress\/scandinavia-in-inverno-eco-friendly\/","title":{"rendered":"Scandinavia in inverno Eco-friendly"},"content":{"rendered":"<h3>Per i viaggiatori veri, intraprendenti e curiosi, amanti degli itinerari alternativi e alla ricerca delle bellezze naturali della Scandinavia.<\/h3>\n<p>Anche per questo inverno 2017\/2018 abbiamo selezionato diversi itinerari. Scandinavia in inverno <strong>Eco-friendly<\/strong> per visitare luoghi particolari con spostamenti su mezzi di trasporto per la maggior parte in treno e nave. Queste le caratteristiche predominanti di questa linea di viaggi, sepre pi\u00f9 richiesta, che predilige l&#8217;indipendenza del viaggiatore, l&#8217;utilizzo di mezzi di trasporto locali e di superficie e localit\u00e0 fuori dai classici circuiti.<\/p>\n<div id=\"attachment_3537\" style=\"width: 467px\" class=\"wp-caption aligncenter\"><img data-recalc-dims=\"1\" loading=\"lazy\" decoding=\"async\" aria-describedby=\"caption-attachment-3537\" data-attachment-id=\"3537\" data-permalink=\"http:\/\/www.4winds.it\/wordpress\/tour-maiorca-2016-mare-e-cultura-alle-baleari\/cabo-formentor-mallorca-espac3b1a\/\" data-orig-file=\"https:\/\/i0.wp.com\/www.4winds.it\/wordpress\/wp-content\/uploads\/2015\/11\/cabo-formentor-mallorca-espac3b1a.jpg?fit=800%2C427\" data-orig-size=\"800,427\" data-comments-opened=\"1\" data-image-meta=\"{&quot;aperture&quot;:&quot;0&quot;,&quot;credit&quot;:&quot;&quot;,&quot;camera&quot;:&quot;&quot;,&quot;caption&quot;:&quot;&quot;,&quot;created_timestamp&quot;:&quot;0&quot;,&quot;copyright&quot;:&quot;&quot;,&quot;focal_length&quot;:&quot;0&quot;,&quot;iso&quot;:&quot;0&quot;,&quot;shutter_speed&quot;:&quot;0&quot;,&quot;title&quot;:&quot;&quot;,&quot;orientation&quot;:&quot;0&quot;}\" data-image-title=\"cabo-formentor-mallorca-espac3b1a\" data-image-description=\"\" data-image-caption=\"\" data-medium-file=\"https:\/\/i0.wp.com\/www.4winds.it\/wordpress\/wp-content\/uploads\/2015\/11\/cabo-formentor-mallorca-espac3b1a.jpg?fit=300%2C160\" data-large-file=\"https:\/\/i0.wp.com\/www.4winds.it\/wordpress\/wp-content\/uploads\/2015\/11\/cabo-formentor-mallorca-espac3b1a.jpg?fit=625%2C334\" class=\"wp-image-3537\" src=\"https:\/\/i0.wp.com\/www.4winds.it\/wordpress\/wp-content\/uploads\/2015\/11\/cabo-formentor-mallorca-espac3b1a.jpg?resize=457%2C244\" alt=\"\" width=\"457\" height=\"244\" srcset=\"https:\/\/i0.wp.com\/www.4winds.it\/wordpress\/wp-content\/uploads\/2015\/11\/cabo-formentor-mallorca-espac3b1a.jpg?w=800 800w, https:\/\/i0.wp.com\/www.4winds.it\/wordpress\/wp-content\/uploads\/2015\/11\/cabo-formentor-mallorca-espac3b1a.jpg?resize=300%2C160 300w, https:\/\/i0.wp.com\/www.4winds.it\/wordpress\/wp-content\/uploads\/2015\/11\/cabo-formentor-mallorca-espac3b1a.jpg?resize=100%2C53 100w, https:\/\/i0.wp.com\/www.4winds.it\/wordpress\/wp-content\/uploads\/2015\/11\/cabo-formentor-mallorca-espac3b1a.jpg?resize=150%2C80 150w, https:\/\/i0.wp.com\/www.4winds.it\/wordpress\/wp-content\/uploads\/2015\/11\/cabo-formentor-mallorca-espac3b1a.jpg?resize=200%2C107 200w, https:\/\/i0.wp.com\/www.4winds.it\/wordpress\/wp-content\/uploads\/2015\/11\/cabo-formentor-mallorca-espac3b1a.jpg?resize=450%2C240 450w, https:\/\/i0.wp.com\/www.4winds.it\/wordpress\/wp-content\/uploads\/2015\/11\/cabo-formentor-mallorca-espac3b1a.jpg?resize=600%2C320 600w\" sizes=\"auto, (max-width: 457px) 100vw, 457px\" \/><p id=\"caption-attachment-3537\" class=\"wp-caption-text\">costa norvegese<\/p><\/div>\n<p><strong>Alcuni esempi<\/strong><\/p>\n<h4><strong><span style=\"color: #000000;\"><a href=\"http:\/\/www.4winds.it\/tour\/viaggio.php?id_tour=1833\"><span style=\"color: #000000;\"><span style=\"color: #ff0000;\">DELIZIA INVERNALE da Eur 1170<\/span><\/span><\/a><\/span><\/strong><\/h4>\n<div id=\"cappello\">\n<p class=\"cont_tourdx_text\"><strong>In breve:<\/strong> 5 notti in hotel con prima colazione, 1 cena tipica ed un tour gastronomico ad Oslo. Un soggiorno nel cuore dell\u2019inverno norvegese scoprendo Bergen e Oslo, i fiordi e la montagna in 6 giorni&#8230; Abbiamo previsto oltre le degustazione di prodotti locali, visite guidate delle citt\u00e0 e una stupenda&#8230;<\/p>\n<\/div>\n<div id=\"contenitore_toursx\">\n<p>Tutti i giorni dal 1.02.2018 al 15 .04. 2018<\/p>\n<\/div>\n<div><a href=\"http:\/\/www.4winds.it\/tour\/viaggio.php?id_tour=1837\"><img data-recalc-dims=\"1\" loading=\"lazy\" decoding=\"async\" data-attachment-id=\"2152\" data-permalink=\"http:\/\/www.4winds.it\/wordpress\/approfondisci\/\" data-orig-file=\"https:\/\/i0.wp.com\/www.4winds.it\/wordpress\/wp-content\/uploads\/2014\/12\/APPROFONDISCI.png?fit=162%2C38\" data-orig-size=\"162,38\" data-comments-opened=\"1\" data-image-meta=\"{&quot;aperture&quot;:&quot;0&quot;,&quot;credit&quot;:&quot;&quot;,&quot;camera&quot;:&quot;&quot;,&quot;caption&quot;:&quot;&quot;,&quot;created_timestamp&quot;:&quot;0&quot;,&quot;copyright&quot;:&quot;&quot;,&quot;focal_length&quot;:&quot;0&quot;,&quot;iso&quot;:&quot;0&quot;,&quot;shutter_speed&quot;:&quot;0&quot;,&quot;title&quot;:&quot;&quot;,&quot;orientation&quot;:&quot;0&quot;}\" data-image-title=\"APPROFONDISCI\" data-image-description=\"\" data-image-caption=\"\" data-medium-file=\"https:\/\/i0.wp.com\/www.4winds.it\/wordpress\/wp-content\/uploads\/2014\/12\/APPROFONDISCI.png?fit=162%2C38\" data-large-file=\"https:\/\/i0.wp.com\/www.4winds.it\/wordpress\/wp-content\/uploads\/2014\/12\/APPROFONDISCI.png?fit=162%2C38\" class=\"alignnone wp-image-2152 size-full\" src=\"https:\/\/i0.wp.com\/www.4winds.it\/wordpress\/wp-content\/uploads\/2014\/12\/APPROFONDISCI.png?resize=162%2C38\" alt=\"\" width=\"162\" height=\"38\" \/><\/a><\/div>\n<div id=\"contenitore_tourdx\">\n<p>==<\/p>\n<p><a href=\"http:\/\/www.4winds.it\/tour\/viaggio.php?id_tour=1837\"><span style=\"color: #ff0000;\"><strong>ECCEZIONALMENTE NORVEGIA <\/strong><\/span><span style=\"color: #fff600;\"><span style=\"color: #000000;\"><strong><span style=\"color: #ff0000;\">da Eur 1690<\/span><\/strong><\/span><\/span><\/a><\/p>\n<div id=\"cappello\">\n<p class=\"cont_tourdx_text\"><strong>In breve:<\/strong> 6 giorni 5 notti di cui 3 in hotel 1 sulla Hurtigruten ed 1 nell&#8217;hotel di ghiaccio con tutte le prime colazioni ed un fitto programma di attivit\u00e0 e di escursioni nell&#8217;estremo nord della Norvegia.<\/p>\n<\/div>\n<div id=\"contenitore_tourdx\">\n<p class=\"cont_tourdx_text2b\">Tutti i giorni dal 19.12.2017 al 31 .03. 2018<\/p>\n<p><a href=\"http:\/\/www.4winds.it\/tour\/viaggio.php?id_tour=1833\"><img data-recalc-dims=\"1\" loading=\"lazy\" decoding=\"async\" data-attachment-id=\"2152\" data-permalink=\"http:\/\/www.4winds.it\/wordpress\/approfondisci\/\" data-orig-file=\"https:\/\/i0.wp.com\/www.4winds.it\/wordpress\/wp-content\/uploads\/2014\/12\/APPROFONDISCI.png?fit=162%2C38\" data-orig-size=\"162,38\" data-comments-opened=\"1\" data-image-meta=\"{&quot;aperture&quot;:&quot;0&quot;,&quot;credit&quot;:&quot;&quot;,&quot;camera&quot;:&quot;&quot;,&quot;caption&quot;:&quot;&quot;,&quot;created_timestamp&quot;:&quot;0&quot;,&quot;copyright&quot;:&quot;&quot;,&quot;focal_length&quot;:&quot;0&quot;,&quot;iso&quot;:&quot;0&quot;,&quot;shutter_speed&quot;:&quot;0&quot;,&quot;title&quot;:&quot;&quot;,&quot;orientation&quot;:&quot;0&quot;}\" data-image-title=\"APPROFONDISCI\" data-image-description=\"\" data-image-caption=\"\" data-medium-file=\"https:\/\/i0.wp.com\/www.4winds.it\/wordpress\/wp-content\/uploads\/2014\/12\/APPROFONDISCI.png?fit=162%2C38\" data-large-file=\"https:\/\/i0.wp.com\/www.4winds.it\/wordpress\/wp-content\/uploads\/2014\/12\/APPROFONDISCI.png?fit=162%2C38\" class=\"alignnone wp-image-2152 size-full\" src=\"https:\/\/i0.wp.com\/www.4winds.it\/wordpress\/wp-content\/uploads\/2014\/12\/APPROFONDISCI.png?resize=162%2C38\" alt=\"\" width=\"162\" height=\"38\" \/><\/a><\/p>\n<p>==<\/p>\n<p><a href=\"http:\/\/www.4winds.it\/tour\/viaggio.php?id_tour=1138\"><span style=\"color: #ff0000;\"><strong>LA NORVEGIA E LO CHARME D\u2019INVERNO <\/strong><\/span><span style=\"color: #fff600;\"><strong><span style=\"color: #000000;\"><span style=\"color: #ff0000;\">da Eur 1025<\/span><\/span><\/strong><\/span><\/a><\/p>\n<div id=\"cappello\">\n<p class=\"cont_tourdx_text\"><strong>In breve: <\/strong>5 notti in hotel ed 1 notte in navigazione con Hurtigruten lungo la costa. Le prime colazioni e tutti i collegamenti ferroviari per visitare in modo unico tre delle pi\u00f9 importanti citt\u00e0 della Norvegia. La capitale, Oslo; Bergen la citt\u00e0 anseatica e Trondheim fondata dal re vichingo Olav Tryggvason&#8230;<\/p>\n<\/div>\n<div id=\"contenitore_toursx\">\n<p>\u00a0Tutti i giorni dal 1.10.2017 al 31 .03. 2018<\/p>\n<p><a href=\"http:\/\/www.4winds.it\/tour\/viaggio.php?id_tour=1138\"><img data-recalc-dims=\"1\" loading=\"lazy\" decoding=\"async\" data-attachment-id=\"2152\" data-permalink=\"http:\/\/www.4winds.it\/wordpress\/approfondisci\/\" data-orig-file=\"https:\/\/i0.wp.com\/www.4winds.it\/wordpress\/wp-content\/uploads\/2014\/12\/APPROFONDISCI.png?fit=162%2C38\" data-orig-size=\"162,38\" data-comments-opened=\"1\" data-image-meta=\"{&quot;aperture&quot;:&quot;0&quot;,&quot;credit&quot;:&quot;&quot;,&quot;camera&quot;:&quot;&quot;,&quot;caption&quot;:&quot;&quot;,&quot;created_timestamp&quot;:&quot;0&quot;,&quot;copyright&quot;:&quot;&quot;,&quot;focal_length&quot;:&quot;0&quot;,&quot;iso&quot;:&quot;0&quot;,&quot;shutter_speed&quot;:&quot;0&quot;,&quot;title&quot;:&quot;&quot;,&quot;orientation&quot;:&quot;0&quot;}\" data-image-title=\"APPROFONDISCI\" data-image-description=\"\" data-image-caption=\"\" data-medium-file=\"https:\/\/i0.wp.com\/www.4winds.it\/wordpress\/wp-content\/uploads\/2014\/12\/APPROFONDISCI.png?fit=162%2C38\" data-large-file=\"https:\/\/i0.wp.com\/www.4winds.it\/wordpress\/wp-content\/uploads\/2014\/12\/APPROFONDISCI.png?fit=162%2C38\" class=\"alignnone wp-image-2152 size-full\" src=\"https:\/\/i0.wp.com\/www.4winds.it\/wordpress\/wp-content\/uploads\/2014\/12\/APPROFONDISCI.png?resize=162%2C38\" alt=\"\" width=\"162\" height=\"38\" \/><\/a><\/p>\n<p>Molte altre le iniziative e gli itinerari per il 2018. Naviga sul nostro sito per visualizzare l&#8217;intera programmazione a tua disposizione per la stagione invernale per il nord europa e le regioni artiche.<\/p>\n<\/div>\n<\/div>\n<\/div>\n","protected":false},"excerpt":{"rendered":"<p>Scandinavia in inverno Eco-friendly per visitare luoghi particolari con spostamenti su mezzi di trasporto per la maggior parte in treno e nave<\/p>\n","protected":false},"author":1,"featured_media":2399,"comment_status":"closed","ping_status":"open","sticky":false,"template":"","format":"standard","meta":{"jetpack_post_was_ever_published":false,"_jetpack_newsletter_access":"","_jetpack_dont_email_post_to_subs":false,"_jetpack_newsletter_tier_id":0,"_jetpack_memberships_contains_paywalled_content":false,"_jetpack_memberships_contains_paid_content":false,"footnotes":"","jetpack_publicize_message":"","jetpack_publicize_feature_enabled":true,"jetpack_social_post_already_shared":true,"jetpack_social_options":{"image_generator_settings":{"template":"highway","default_image_id":0,"font":"","enabled":false},"version":2}},"categories":[461],"tags":[80,652,492,82,81,41,79,475],"class_list":["post-4316","post","type-post","status-publish","format-standard","has-post-thumbnail","hentry","category-offerte-viaggi","tag-danimarca","tag-eco-friendly","tag-ecologia","tag-finlandia","tag-norvegia","tag-scandinavia","tag-svezia","tag-tour-in-scandinavia"],"yoast_head":"<!-- This site is optimized with the Yoast SEO plugin v27.1.1 - https:\/\/yoast.com\/product\/yoast-seo-wordpress\/ -->\n<title>Scandinavia in inverno Eco-friendly.<\/title>\n<meta name=\"description\" content=\"Per i viaggiatori veri, intraprendenti e curiosi, amanti degli itinerari alternativi e alla ricerca delle bellezze naturali della Scandinavia.\" \/>\n<meta name=\"robots\" content=\"index, follow, max-snippet:-1, max-image-preview:large, max-video-preview:-1\" \/>\n<link rel=\"canonical\" href=\"https:\/\/www.4winds.it\/wordpress\/scandinavia-in-inverno-eco-friendly\/\" \/>\n<meta property=\"og:locale\" content=\"it_IT\" \/>\n<meta property=\"og:type\" content=\"article\" \/>\n<meta property=\"og:title\" content=\"Scandinavia in inverno Eco-friendly\" \/>\n<meta property=\"og:description\" content=\"Per i viaggiatori veri, intraprendenti e curiosi, amanti degli itinerari alternativi e alla ricerca delle bellezze naturali della Scandinavia.\" \/>\n<meta property=\"og:url\" content=\"https:\/\/www.4winds.it\/wordpress\/scandinavia-in-inverno-eco-friendly\/\" \/>\n<meta property=\"og:site_name\" content=\"4Winds\" \/>\n<meta property=\"article:publisher\" content=\"https:\/\/www.facebook.com\/4Windsviaggi\" \/>\n<meta property=\"article:published_time\" content=\"2017-07-28T11:40:30+00:00\" \/>\n<meta property=\"article:modified_time\" content=\"2026-03-13T09:31:14+00:00\" \/>\n<meta property=\"og:image\" content=\"https:\/\/i0.wp.com\/www.4winds.it\/wordpress\/wp-content\/uploads\/2015\/02\/Green_Earth_in_Hands.jpg?fit=516%2C488&ssl=1\" \/>\n\t<meta property=\"og:image:width\" content=\"516\" \/>\n\t<meta property=\"og:image:height\" content=\"488\" \/>\n\t<meta property=\"og:image:type\" content=\"image\/jpeg\" \/>\n<meta name=\"author\" content=\"admin\" \/>\n<meta name=\"twitter:label1\" content=\"Scritto da\" \/>\n\t<meta name=\"twitter:data1\" content=\"admin\" \/>\n\t<meta name=\"twitter:label2\" content=\"Tempo di lettura stimato\" \/>\n\t<meta name=\"twitter:data2\" content=\"1 minuto\" \/>\n<script type=\"application\/ld+json\" class=\"yoast-schema-graph\">{\"@context\":\"https:\/\/schema.org\",\"@graph\":[{\"@type\":\"Article\",\"@id\":\"https:\/\/www.4winds.it\/wordpress\/scandinavia-in-inverno-eco-friendly\/#article\",\"isPartOf\":{\"@id\":\"https:\/\/www.4winds.it\/wordpress\/scandinavia-in-inverno-eco-friendly\/\"},\"author\":{\"name\":\"admin\",\"@id\":\"https:\/\/www.4winds.it\/wordpress\/#\/schema\/person\/54c19243aa4ab05adbf590f907534b98\"},\"headline\":\"Scandinavia in inverno Eco-friendly\",\"datePublished\":\"2017-07-28T11:40:30+00:00\",\"dateModified\":\"2026-03-13T09:31:14+00:00\",\"mainEntityOfPage\":{\"@id\":\"https:\/\/www.4winds.it\/wordpress\/scandinavia-in-inverno-eco-friendly\/\"},\"wordCount\":290,\"publisher\":{\"@id\":\"https:\/\/www.4winds.it\/wordpress\/#organization\"},\"image\":{\"@id\":\"https:\/\/www.4winds.it\/wordpress\/scandinavia-in-inverno-eco-friendly\/#primaryimage\"},\"thumbnailUrl\":\"https:\/\/i0.wp.com\/www.4winds.it\/wordpress\/wp-content\/uploads\/2015\/02\/Green_Earth_in_Hands.jpg?fit=516%2C488\",\"keywords\":[\"Danimarca\",\"eco-friendly\",\"ECOLOGIA\",\"Finlandia\",\"Norvegia\",\"Scandinavia\",\"Svezia\",\"tour in scandinavia\"],\"articleSection\":[\"Offerte viaggi\"],\"inLanguage\":\"it-IT\"},{\"@type\":\"WebPage\",\"@id\":\"https:\/\/www.4winds.it\/wordpress\/scandinavia-in-inverno-eco-friendly\/\",\"url\":\"https:\/\/www.4winds.it\/wordpress\/scandinavia-in-inverno-eco-friendly\/\",\"name\":\"Scandinavia in inverno Eco-friendly.\",\"isPartOf\":{\"@id\":\"https:\/\/www.4winds.it\/wordpress\/#website\"},\"primaryImageOfPage\":{\"@id\":\"https:\/\/www.4winds.it\/wordpress\/scandinavia-in-inverno-eco-friendly\/#primaryimage\"},\"image\":{\"@id\":\"https:\/\/www.4winds.it\/wordpress\/scandinavia-in-inverno-eco-friendly\/#primaryimage\"},\"thumbnailUrl\":\"https:\/\/i0.wp.com\/www.4winds.it\/wordpress\/wp-content\/uploads\/2015\/02\/Green_Earth_in_Hands.jpg?fit=516%2C488\",\"datePublished\":\"2017-07-28T11:40:30+00:00\",\"dateModified\":\"2026-03-13T09:31:14+00:00\",\"description\":\"Per i viaggiatori veri, intraprendenti e curiosi, amanti degli itinerari alternativi e alla ricerca delle bellezze naturali della Scandinavia.\",\"inLanguage\":\"it-IT\",\"potentialAction\":[{\"@type\":\"ReadAction\",\"target\":[\"https:\/\/www.4winds.it\/wordpress\/scandinavia-in-inverno-eco-friendly\/\"]}]},{\"@type\":\"ImageObject\",\"inLanguage\":\"it-IT\",\"@id\":\"https:\/\/www.4winds.it\/wordpress\/scandinavia-in-inverno-eco-friendly\/#primaryimage\",\"url\":\"https:\/\/i0.wp.com\/www.4winds.it\/wordpress\/wp-content\/uploads\/2015\/02\/Green_Earth_in_Hands.jpg?fit=516%2C488\",\"contentUrl\":\"https:\/\/i0.wp.com\/www.4winds.it\/wordpress\/wp-content\/uploads\/2015\/02\/Green_Earth_in_Hands.jpg?fit=516%2C488\",\"width\":516,\"height\":488},{\"@type\":\"WebSite\",\"@id\":\"https:\/\/www.4winds.it\/wordpress\/#website\",\"url\":\"https:\/\/www.4winds.it\/wordpress\/\",\"name\":\"4Winds\",\"description\":\"Blog, Offerte e Comunicati stampa\",\"publisher\":{\"@id\":\"https:\/\/www.4winds.it\/wordpress\/#organization\"},\"potentialAction\":[{\"@type\":\"SearchAction\",\"target\":{\"@type\":\"EntryPoint\",\"urlTemplate\":\"https:\/\/www.4winds.it\/wordpress\/?s={search_term_string}\"},\"query-input\":{\"@type\":\"PropertyValueSpecification\",\"valueRequired\":true,\"valueName\":\"search_term_string\"}}],\"inLanguage\":\"it-IT\"},{\"@type\":\"Organization\",\"@id\":\"https:\/\/www.4winds.it\/wordpress\/#organization\",\"name\":\"4Winds\",\"url\":\"https:\/\/www.4winds.it\/wordpress\/\",\"logo\":{\"@type\":\"ImageObject\",\"inLanguage\":\"it-IT\",\"@id\":\"https:\/\/www.4winds.it\/wordpress\/#\/schema\/logo\/image\/\",\"url\":\"https:\/\/i2.wp.com\/www.4winds.it\/wordpress\/wp-content\/uploads\/2015\/02\/cropped-4winds.jpg?fit=260%2C110&ssl=1\",\"contentUrl\":\"https:\/\/i2.wp.com\/www.4winds.it\/wordpress\/wp-content\/uploads\/2015\/02\/cropped-4winds.jpg?fit=260%2C110&ssl=1\",\"width\":260,\"height\":110,\"caption\":\"4Winds\"},\"image\":{\"@id\":\"https:\/\/www.4winds.it\/wordpress\/#\/schema\/logo\/image\/\"},\"sameAs\":[\"https:\/\/www.facebook.com\/4Windsviaggi\"]},{\"@type\":\"Person\",\"@id\":\"https:\/\/www.4winds.it\/wordpress\/#\/schema\/person\/54c19243aa4ab05adbf590f907534b98\",\"name\":\"admin\",\"image\":{\"@type\":\"ImageObject\",\"inLanguage\":\"it-IT\",\"@id\":\"https:\/\/www.4winds.it\/wordpress\/#\/schema\/person\/image\/\",\"url\":\"https:\/\/secure.gravatar.com\/avatar\/83e54c7780c097c7c186c163a8469d3ba099cfc1aa3188c3adcc15ecd404d0e1?s=96&d=mm&r=g\",\"contentUrl\":\"https:\/\/secure.gravatar.com\/avatar\/83e54c7780c097c7c186c163a8469d3ba099cfc1aa3188c3adcc15ecd404d0e1?s=96&d=mm&r=g\",\"caption\":\"admin\"},\"url\":\"http:\/\/www.4winds.it\/wordpress\/author\/admin\/\"}]}<\/script>\n<!-- \/ Yoast SEO plugin. -->","yoast_head_json":{"title":"Scandinavia in inverno Eco-friendly.","description":"Per i viaggiatori veri, intraprendenti e curiosi, amanti degli itinerari alternativi e alla ricerca delle bellezze naturali della Scandinavia.","robots":{"index":"index","follow":"follow","max-snippet":"max-snippet:-1","max-image-preview":"max-image-preview:large","max-video-preview":"max-video-preview:-1"},"canonical":"https:\/\/www.4winds.it\/wordpress\/scandinavia-in-inverno-eco-friendly\/","og_locale":"it_IT","og_type":"article","og_title":"Scandinavia in inverno Eco-friendly","og_description":"Per i viaggiatori veri, intraprendenti e curiosi, amanti degli itinerari alternativi e alla ricerca delle bellezze naturali della Scandinavia.","og_url":"https:\/\/www.4winds.it\/wordpress\/scandinavia-in-inverno-eco-friendly\/","og_site_name":"4Winds","article_publisher":"https:\/\/www.facebook.com\/4Windsviaggi","article_published_time":"2017-07-28T11:40:30+00:00","article_modified_time":"2026-03-13T09:31:14+00:00","og_image":[{"width":516,"height":488,"url":"https:\/\/i0.wp.com\/www.4winds.it\/wordpress\/wp-content\/uploads\/2015\/02\/Green_Earth_in_Hands.jpg?fit=516%2C488&ssl=1","type":"image\/jpeg"}],"author":"admin","twitter_misc":{"Scritto da":"admin","Tempo di lettura stimato":"1 minuto"},"schema":{"@context":"https:\/\/schema.org","@graph":[{"@type":"Article","@id":"https:\/\/www.4winds.it\/wordpress\/scandinavia-in-inverno-eco-friendly\/#article","isPartOf":{"@id":"https:\/\/www.4winds.it\/wordpress\/scandinavia-in-inverno-eco-friendly\/"},"author":{"name":"admin","@id":"https:\/\/www.4winds.it\/wordpress\/#\/schema\/person\/54c19243aa4ab05adbf590f907534b98"},"headline":"Scandinavia in inverno Eco-friendly","datePublished":"2017-07-28T11:40:30+00:00","dateModified":"2026-03-13T09:31:14+00:00","mainEntityOfPage":{"@id":"https:\/\/www.4winds.it\/wordpress\/scandinavia-in-inverno-eco-friendly\/"},"wordCount":290,"publisher":{"@id":"https:\/\/www.4winds.it\/wordpress\/#organization"},"image":{"@id":"https:\/\/www.4winds.it\/wordpress\/scandinavia-in-inverno-eco-friendly\/#primaryimage"},"thumbnailUrl":"https:\/\/i0.wp.com\/www.4winds.it\/wordpress\/wp-content\/uploads\/2015\/02\/Green_Earth_in_Hands.jpg?fit=516%2C488","keywords":["Danimarca","eco-friendly","ECOLOGIA","Finlandia","Norvegia","Scandinavia","Svezia","tour in scandinavia"],"articleSection":["Offerte viaggi"],"inLanguage":"it-IT"},{"@type":"WebPage","@id":"https:\/\/www.4winds.it\/wordpress\/scandinavia-in-inverno-eco-friendly\/","url":"https:\/\/www.4winds.it\/wordpress\/scandinavia-in-inverno-eco-friendly\/","name":"Scandinavia in inverno Eco-friendly.","isPartOf":{"@id":"https:\/\/www.4winds.it\/wordpress\/#website"},"primaryImageOfPage":{"@id":"https:\/\/www.4winds.it\/wordpress\/scandinavia-in-inverno-eco-friendly\/#primaryimage"},"image":{"@id":"https:\/\/www.4winds.it\/wordpress\/scandinavia-in-inverno-eco-friendly\/#primaryimage"},"thumbnailUrl":"https:\/\/i0.wp.com\/www.4winds.it\/wordpress\/wp-content\/uploads\/2015\/02\/Green_Earth_in_Hands.jpg?fit=516%2C488","datePublished":"2017-07-28T11:40:30+00:00","dateModified":"2026-03-13T09:31:14+00:00","description":"Per i viaggiatori veri, intraprendenti e curiosi, amanti degli itinerari alternativi e alla ricerca delle bellezze naturali della Scandinavia.","inLanguage":"it-IT","potentialAction":[{"@type":"ReadAction","target":["https:\/\/www.4winds.it\/wordpress\/scandinavia-in-inverno-eco-friendly\/"]}]},{"@type":"ImageObject","inLanguage":"it-IT","@id":"https:\/\/www.4winds.it\/wordpress\/scandinavia-in-inverno-eco-friendly\/#primaryimage","url":"https:\/\/i0.wp.com\/www.4winds.it\/wordpress\/wp-content\/uploads\/2015\/02\/Green_Earth_in_Hands.jpg?fit=516%2C488","contentUrl":"https:\/\/i0.wp.com\/www.4winds.it\/wordpress\/wp-content\/uploads\/2015\/02\/Green_Earth_in_Hands.jpg?fit=516%2C488","width":516,"height":488},{"@type":"WebSite","@id":"https:\/\/www.4winds.it\/wordpress\/#website","url":"https:\/\/www.4winds.it\/wordpress\/","name":"4Winds","description":"Blog, Offerte e Comunicati stampa","publisher":{"@id":"https:\/\/www.4winds.it\/wordpress\/#organization"},"potentialAction":[{"@type":"SearchAction","target":{"@type":"EntryPoint","urlTemplate":"https:\/\/www.4winds.it\/wordpress\/?s={search_term_string}"},"query-input":{"@type":"PropertyValueSpecification","valueRequired":true,"valueName":"search_term_string"}}],"inLanguage":"it-IT"},{"@type":"Organization","@id":"https:\/\/www.4winds.it\/wordpress\/#organization","name":"4Winds","url":"https:\/\/www.4winds.it\/wordpress\/","logo":{"@type":"ImageObject","inLanguage":"it-IT","@id":"https:\/\/www.4winds.it\/wordpress\/#\/schema\/logo\/image\/","url":"https:\/\/i2.wp.com\/www.4winds.it\/wordpress\/wp-content\/uploads\/2015\/02\/cropped-4winds.jpg?fit=260%2C110&ssl=1","contentUrl":"https:\/\/i2.wp.com\/www.4winds.it\/wordpress\/wp-content\/uploads\/2015\/02\/cropped-4winds.jpg?fit=260%2C110&ssl=1","width":260,"height":110,"caption":"4Winds"},"image":{"@id":"https:\/\/www.4winds.it\/wordpress\/#\/schema\/logo\/image\/"},"sameAs":["https:\/\/www.facebook.com\/4Windsviaggi"]},{"@type":"Person","@id":"https:\/\/www.4winds.it\/wordpress\/#\/schema\/person\/54c19243aa4ab05adbf590f907534b98","name":"admin","image":{"@type":"ImageObject","inLanguage":"it-IT","@id":"https:\/\/www.4winds.it\/wordpress\/#\/schema\/person\/image\/","url":"https:\/\/secure.gravatar.com\/avatar\/83e54c7780c097c7c186c163a8469d3ba099cfc1aa3188c3adcc15ecd404d0e1?s=96&d=mm&r=g","contentUrl":"https:\/\/secure.gravatar.com\/avatar\/83e54c7780c097c7c186c163a8469d3ba099cfc1aa3188c3adcc15ecd404d0e1?s=96&d=mm&r=g","caption":"admin"},"url":"http:\/\/www.4winds.it\/wordpress\/author\/admin\/"}]}},"jetpack_publicize_connections":[],"jetpack_featured_media_url":"https:\/\/i0.wp.com\/www.4winds.it\/wordpress\/wp-content\/uploads\/2015\/02\/Green_Earth_in_Hands.jpg?fit=516%2C488","jetpack_sharing_enabled":true,"jetpack_shortlink":"https:\/\/wp.me\/p3Vw94-17C","jetpack_likes_enabled":true,"_links":{"self":[{"href":"http:\/\/www.4winds.it\/wordpress\/wp-json\/wp\/v2\/posts\/4316","targetHints":{"allow":["GET"]}}],"collection":[{"href":"http:\/\/www.4winds.it\/wordpress\/wp-json\/wp\/v2\/posts"}],"about":[{"href":"http:\/\/www.4winds.it\/wordpress\/wp-json\/wp\/v2\/types\/post"}],"author":[{"embeddable":true,"href":"http:\/\/www.4winds.it\/wordpress\/wp-json\/wp\/v2\/users\/1"}],"replies":[{"embeddable":true,"href":"http:\/\/www.4winds.it\/wordpress\/wp-json\/wp\/v2\/comments?post=4316"}],"version-history":[{"count":11,"href":"http:\/\/www.4winds.it\/wordpress\/wp-json\/wp\/v2\/posts\/4316\/revisions"}],"predecessor-version":[{"id":4327,"href":"http:\/\/www.4winds.it\/wordpress\/wp-json\/wp\/v2\/posts\/4316\/revisions\/4327"}],"wp:featuredmedia":[{"embeddable":true,"href":"http:\/\/www.4winds.it\/wordpress\/wp-json\/wp\/v2\/media\/2399"}],"wp:attachment":[{"href":"http:\/\/www.4winds.it\/wordpress\/wp-json\/wp\/v2\/media?parent=4316"}],"wp:term":[{"taxonomy":"category","embeddable":true,"href":"http:\/\/www.4winds.it\/wordpress\/wp-json\/wp\/v2\/categories?post=4316"},{"taxonomy":"post_tag","embeddable":true,"href":"http:\/\/www.4winds.it\/wordpress\/wp-json\/wp\/v2\/tags?post=4316"}],"curies":[{"name":"wp","href":"https:\/\/api.w.org\/{rel}","templated":true}]}}