{"id":3291,"date":"2015-08-21T11:21:31","date_gmt":"2015-08-21T09:21:31","guid":{"rendered":"http:\/\/www.4winds.it\/wordpress\/?p=3291"},"modified":"2015-08-21T11:22:38","modified_gmt":"2015-08-21T09:22:38","slug":"capodanno-a-istanbul-dicembre-2015","status":"publish","type":"post","link":"https:\/\/www.4winds.it\/wordpress\/capodanno-a-istanbul-dicembre-2015\/","title":{"rendered":"CAPODANNO A ISTANBUL dicembre 2015"},"content":{"rendered":"<p>Un\u2019ottima occasione per visitare il tunnel sotto il bosforo. Il 29 ottobre \u00e8 stato inaugurato il tunnel ferroviario sottomarino che unisce la parte asiatica a quella europea di Istanbul. Un tunnel di circa 13 chilometri che si inabissa a 60 metri di profondit\u00e0 sotto il mare e avr\u00e0 una capacit\u00e0 di 75000 passeggeri all\u2019ora in ciascuna direzione. Inoltre al museo nazionale di archeologia potrete visitare una splendida mostra con i reperti archeologici emersi durante gli scavi per la costruzione del tunnel: navi fenice, vasi, ceramiche e molto altro ancora!<\/p>\n<p><strong>CAPODANNO: SOGGIORNI da\u00a03\u00a0 o 4 NOTTI ad ISTANBUL con voli dai principali aeroporti italiani a partire da 340 euro.<\/strong><\/p>\n<p>L\u2019occasione ideale per scoprire la citt\u00e0 sul Bosforo.<\/p>\n<p><a href=\"http:\/\/www.4winds.it\/tour\/viaggio.php?id_tour=1527\" target=\"_blank\"><span style=\"color: #0066cc;\"><strong>29 DICEMBRE \u2013 01 GENNAIO<\/strong> <\/span><\/a>da Bergamo, Bologna, Roma, Milano, Venezia, Napoli<br \/>\n<a href=\"http:\/\/www.4winds.it\/tour\/viaggio.php?id_tour=1527\" target=\"_blank\"><strong><span style=\"color: #0066cc;\">29 DICEMBRE \u2013 02 GENNAIO<\/span> <\/strong><\/a>da Pisa<br \/>\n<a href=\"http:\/\/www.4winds.it\/tour\/viaggio.php?id_tour=1671\" target=\"_blank\"><span style=\"color: #0066cc;\"><strong>30 DICEMBRE \u2013 02 GENNAIO<\/strong> <\/span><\/a>da Milano, Bergamo, Venezia, Bologna, Roma<br \/>\n<a href=\"http:\/\/www.4winds.it\/tour\/viaggio.php?id_tour=1671\" target=\"_blank\"><strong><span style=\"color: #0066cc;\">30 DICEMBRE \u2013 03GENNAIO<\/span> <\/strong><\/a>da Torino, Genova e Bari<\/p>\n<p>&nbsp;<\/p>\n","protected":false},"excerpt":{"rendered":"<p>Un\u2019ottima occasione per visitare il tunnel sotto il bosforo. Il 29 ottobre \u00e8 stato inaugurato il tunnel ferroviario sottomarino che unisce la parte asiatica a quella europea di Istanbul. Un tunnel di circa 13 chilometri che si inabissa a 60 metri di profondit\u00e0 sotto il mare e avr\u00e0 una capacit\u00e0 di 75000 passeggeri all\u2019ora in [&hellip;]<\/p>\n","protected":false},"author":2,"featured_media":647,"comment_status":"open","ping_status":"open","sticky":false,"template":"","format":"standard","meta":{"jetpack_post_was_ever_published":false,"_jetpack_newsletter_access":"","_jetpack_dont_email_post_to_subs":false,"_jetpack_newsletter_tier_id":0,"_jetpack_memberships_contains_paywalled_content":false,"_jetpack_memberships_contains_paid_content":false,"footnotes":"","jetpack_publicize_message":"","jetpack_publicize_feature_enabled":true,"jetpack_social_post_already_shared":true,"jetpack_social_options":{"image_generator_settings":{"template":"highway","default_image_id":0,"font":"","enabled":false},"version":2}},"categories":[461],"tags":[],"class_list":["post-3291","post","type-post","status-publish","format-standard","has-post-thumbnail","hentry","category-offerte-viaggi"],"yoast_head":"<!-- This site is optimized with the Yoast SEO plugin v27.1.1 - https:\/\/yoast.com\/product\/yoast-seo-wordpress\/ -->\n<title>CAPODANNO A ISTANBUL dicembre 2015 - 4Winds<\/title>\n<meta name=\"description\" content=\"CAPODANNO A ISTANBUL dicembre 2015\" \/>\n<meta name=\"robots\" content=\"index, follow, max-snippet:-1, max-image-preview:large, max-video-preview:-1\" \/>\n<link rel=\"canonical\" href=\"https:\/\/www.4winds.it\/wordpress\/capodanno-a-istanbul-dicembre-2015\/\" \/>\n<meta property=\"og:locale\" content=\"it_IT\" \/>\n<meta property=\"og:type\" content=\"article\" \/>\n<meta property=\"og:title\" content=\"CAPODANNO A ISTANBUL dicembre 2015\" \/>\n<meta property=\"og:description\" content=\"CAPODANNO A ISTANBUL dicembre 2015\" \/>\n<meta property=\"og:url\" content=\"https:\/\/www.4winds.it\/wordpress\/capodanno-a-istanbul-dicembre-2015\/\" \/>\n<meta property=\"og:site_name\" content=\"4Winds\" \/>\n<meta property=\"article:publisher\" content=\"https:\/\/www.facebook.com\/4Windsviaggi\" \/>\n<meta property=\"article:published_time\" content=\"2015-08-21T09:21:31+00:00\" \/>\n<meta property=\"article:modified_time\" content=\"2015-08-21T09:22:38+00:00\" \/>\n<meta property=\"og:image\" content=\"https:\/\/i0.wp.com\/www.4winds.it\/wordpress\/wp-content\/uploads\/2013\/10\/turchia.jpg?fit=800%2C399&ssl=1\" \/>\n\t<meta property=\"og:image:width\" content=\"800\" \/>\n\t<meta property=\"og:image:height\" content=\"399\" \/>\n\t<meta property=\"og:image:type\" content=\"image\/jpeg\" \/>\n<meta name=\"author\" content=\"Chiara\" \/>\n<meta name=\"twitter:label1\" content=\"Scritto da\" \/>\n\t<meta name=\"twitter:data1\" content=\"Chiara\" \/>\n\t<meta name=\"twitter:label2\" content=\"Tempo di lettura stimato\" \/>\n\t<meta name=\"twitter:data2\" content=\"1 minuto\" \/>\n<script type=\"application\/ld+json\" class=\"yoast-schema-graph\">{\"@context\":\"https:\/\/schema.org\",\"@graph\":[{\"@type\":\"Article\",\"@id\":\"https:\/\/www.4winds.it\/wordpress\/capodanno-a-istanbul-dicembre-2015\/#article\",\"isPartOf\":{\"@id\":\"https:\/\/www.4winds.it\/wordpress\/capodanno-a-istanbul-dicembre-2015\/\"},\"author\":{\"name\":\"Chiara\",\"@id\":\"https:\/\/www.4winds.it\/wordpress\/#\/schema\/person\/6e0abeff05f07ecee6a38c22ccebf4da\"},\"headline\":\"CAPODANNO A ISTANBUL dicembre 2015\",\"datePublished\":\"2015-08-21T09:21:31+00:00\",\"dateModified\":\"2015-08-21T09:22:38+00:00\",\"mainEntityOfPage\":{\"@id\":\"https:\/\/www.4winds.it\/wordpress\/capodanno-a-istanbul-dicembre-2015\/\"},\"wordCount\":145,\"commentCount\":0,\"publisher\":{\"@id\":\"https:\/\/www.4winds.it\/wordpress\/#organization\"},\"image\":{\"@id\":\"https:\/\/www.4winds.it\/wordpress\/capodanno-a-istanbul-dicembre-2015\/#primaryimage\"},\"thumbnailUrl\":\"https:\/\/i0.wp.com\/www.4winds.it\/wordpress\/wp-content\/uploads\/2013\/10\/turchia.jpg?fit=800%2C399&ssl=1\",\"articleSection\":[\"Offerte viaggi\"],\"inLanguage\":\"it-IT\",\"potentialAction\":[{\"@type\":\"CommentAction\",\"name\":\"Comment\",\"target\":[\"https:\/\/www.4winds.it\/wordpress\/capodanno-a-istanbul-dicembre-2015\/#respond\"]}]},{\"@type\":\"WebPage\",\"@id\":\"https:\/\/www.4winds.it\/wordpress\/capodanno-a-istanbul-dicembre-2015\/\",\"url\":\"https:\/\/www.4winds.it\/wordpress\/capodanno-a-istanbul-dicembre-2015\/\",\"name\":\"CAPODANNO A ISTANBUL dicembre 2015 - 4Winds\",\"isPartOf\":{\"@id\":\"https:\/\/www.4winds.it\/wordpress\/#website\"},\"primaryImageOfPage\":{\"@id\":\"https:\/\/www.4winds.it\/wordpress\/capodanno-a-istanbul-dicembre-2015\/#primaryimage\"},\"image\":{\"@id\":\"https:\/\/www.4winds.it\/wordpress\/capodanno-a-istanbul-dicembre-2015\/#primaryimage\"},\"thumbnailUrl\":\"https:\/\/i0.wp.com\/www.4winds.it\/wordpress\/wp-content\/uploads\/2013\/10\/turchia.jpg?fit=800%2C399&ssl=1\",\"datePublished\":\"2015-08-21T09:21:31+00:00\",\"dateModified\":\"2015-08-21T09:22:38+00:00\",\"description\":\"CAPODANNO A ISTANBUL dicembre 2015\",\"inLanguage\":\"it-IT\",\"potentialAction\":[{\"@type\":\"ReadAction\",\"target\":[\"https:\/\/www.4winds.it\/wordpress\/capodanno-a-istanbul-dicembre-2015\/\"]}]},{\"@type\":\"ImageObject\",\"inLanguage\":\"it-IT\",\"@id\":\"https:\/\/www.4winds.it\/wordpress\/capodanno-a-istanbul-dicembre-2015\/#primaryimage\",\"url\":\"https:\/\/i0.wp.com\/www.4winds.it\/wordpress\/wp-content\/uploads\/2013\/10\/turchia.jpg?fit=800%2C399&ssl=1\",\"contentUrl\":\"https:\/\/i0.wp.com\/www.4winds.it\/wordpress\/wp-content\/uploads\/2013\/10\/turchia.jpg?fit=800%2C399&ssl=1\",\"width\":800,\"height\":399},{\"@type\":\"WebSite\",\"@id\":\"https:\/\/www.4winds.it\/wordpress\/#website\",\"url\":\"https:\/\/www.4winds.it\/wordpress\/\",\"name\":\"4Winds\",\"description\":\"Blog, Offerte e Comunicati stampa\",\"publisher\":{\"@id\":\"https:\/\/www.4winds.it\/wordpress\/#organization\"},\"potentialAction\":[{\"@type\":\"SearchAction\",\"target\":{\"@type\":\"EntryPoint\",\"urlTemplate\":\"https:\/\/www.4winds.it\/wordpress\/?s={search_term_string}\"},\"query-input\":{\"@type\":\"PropertyValueSpecification\",\"valueRequired\":true,\"valueName\":\"search_term_string\"}}],\"inLanguage\":\"it-IT\"},{\"@type\":\"Organization\",\"@id\":\"https:\/\/www.4winds.it\/wordpress\/#organization\",\"name\":\"4Winds\",\"url\":\"https:\/\/www.4winds.it\/wordpress\/\",\"logo\":{\"@type\":\"ImageObject\",\"inLanguage\":\"it-IT\",\"@id\":\"https:\/\/www.4winds.it\/wordpress\/#\/schema\/logo\/image\/\",\"url\":\"https:\/\/i2.wp.com\/www.4winds.it\/wordpress\/wp-content\/uploads\/2015\/02\/cropped-4winds.jpg?fit=260%2C110&ssl=1\",\"contentUrl\":\"https:\/\/i2.wp.com\/www.4winds.it\/wordpress\/wp-content\/uploads\/2015\/02\/cropped-4winds.jpg?fit=260%2C110&ssl=1\",\"width\":260,\"height\":110,\"caption\":\"4Winds\"},\"image\":{\"@id\":\"https:\/\/www.4winds.it\/wordpress\/#\/schema\/logo\/image\/\"},\"sameAs\":[\"https:\/\/www.facebook.com\/4Windsviaggi\"]},{\"@type\":\"Person\",\"@id\":\"https:\/\/www.4winds.it\/wordpress\/#\/schema\/person\/6e0abeff05f07ecee6a38c22ccebf4da\",\"name\":\"Chiara\",\"image\":{\"@type\":\"ImageObject\",\"inLanguage\":\"it-IT\",\"@id\":\"https:\/\/www.4winds.it\/wordpress\/#\/schema\/person\/image\/\",\"url\":\"https:\/\/secure.gravatar.com\/avatar\/89a1119f1d34940766d39445dee99854c64d0c218e88c1f80e7cae36479be70b?s=96&d=mm&r=g\",\"contentUrl\":\"https:\/\/secure.gravatar.com\/avatar\/89a1119f1d34940766d39445dee99854c64d0c218e88c1f80e7cae36479be70b?s=96&d=mm&r=g\",\"caption\":\"Chiara\"},\"sameAs\":[\"http:\/\/4winds.it\"],\"url\":\"https:\/\/www.4winds.it\/wordpress\/author\/chiara-mellina\/\"}]}<\/script>\n<!-- \/ Yoast SEO plugin. -->","yoast_head_json":{"title":"CAPODANNO A ISTANBUL dicembre 2015 - 4Winds","description":"CAPODANNO A ISTANBUL dicembre 2015","robots":{"index":"index","follow":"follow","max-snippet":"max-snippet:-1","max-image-preview":"max-image-preview:large","max-video-preview":"max-video-preview:-1"},"canonical":"https:\/\/www.4winds.it\/wordpress\/capodanno-a-istanbul-dicembre-2015\/","og_locale":"it_IT","og_type":"article","og_title":"CAPODANNO A ISTANBUL dicembre 2015","og_description":"CAPODANNO A ISTANBUL dicembre 2015","og_url":"https:\/\/www.4winds.it\/wordpress\/capodanno-a-istanbul-dicembre-2015\/","og_site_name":"4Winds","article_publisher":"https:\/\/www.facebook.com\/4Windsviaggi","article_published_time":"2015-08-21T09:21:31+00:00","article_modified_time":"2015-08-21T09:22:38+00:00","og_image":[{"width":800,"height":399,"url":"https:\/\/i0.wp.com\/www.4winds.it\/wordpress\/wp-content\/uploads\/2013\/10\/turchia.jpg?fit=800%2C399&ssl=1","type":"image\/jpeg"}],"author":"Chiara","twitter_misc":{"Scritto da":"Chiara","Tempo di lettura stimato":"1 minuto"},"schema":{"@context":"https:\/\/schema.org","@graph":[{"@type":"Article","@id":"https:\/\/www.4winds.it\/wordpress\/capodanno-a-istanbul-dicembre-2015\/#article","isPartOf":{"@id":"https:\/\/www.4winds.it\/wordpress\/capodanno-a-istanbul-dicembre-2015\/"},"author":{"name":"Chiara","@id":"https:\/\/www.4winds.it\/wordpress\/#\/schema\/person\/6e0abeff05f07ecee6a38c22ccebf4da"},"headline":"CAPODANNO A ISTANBUL dicembre 2015","datePublished":"2015-08-21T09:21:31+00:00","dateModified":"2015-08-21T09:22:38+00:00","mainEntityOfPage":{"@id":"https:\/\/www.4winds.it\/wordpress\/capodanno-a-istanbul-dicembre-2015\/"},"wordCount":145,"commentCount":0,"publisher":{"@id":"https:\/\/www.4winds.it\/wordpress\/#organization"},"image":{"@id":"https:\/\/www.4winds.it\/wordpress\/capodanno-a-istanbul-dicembre-2015\/#primaryimage"},"thumbnailUrl":"https:\/\/i0.wp.com\/www.4winds.it\/wordpress\/wp-content\/uploads\/2013\/10\/turchia.jpg?fit=800%2C399&ssl=1","articleSection":["Offerte viaggi"],"inLanguage":"it-IT","potentialAction":[{"@type":"CommentAction","name":"Comment","target":["https:\/\/www.4winds.it\/wordpress\/capodanno-a-istanbul-dicembre-2015\/#respond"]}]},{"@type":"WebPage","@id":"https:\/\/www.4winds.it\/wordpress\/capodanno-a-istanbul-dicembre-2015\/","url":"https:\/\/www.4winds.it\/wordpress\/capodanno-a-istanbul-dicembre-2015\/","name":"CAPODANNO A ISTANBUL dicembre 2015 - 4Winds","isPartOf":{"@id":"https:\/\/www.4winds.it\/wordpress\/#website"},"primaryImageOfPage":{"@id":"https:\/\/www.4winds.it\/wordpress\/capodanno-a-istanbul-dicembre-2015\/#primaryimage"},"image":{"@id":"https:\/\/www.4winds.it\/wordpress\/capodanno-a-istanbul-dicembre-2015\/#primaryimage"},"thumbnailUrl":"https:\/\/i0.wp.com\/www.4winds.it\/wordpress\/wp-content\/uploads\/2013\/10\/turchia.jpg?fit=800%2C399&ssl=1","datePublished":"2015-08-21T09:21:31+00:00","dateModified":"2015-08-21T09:22:38+00:00","description":"CAPODANNO A ISTANBUL dicembre 2015","inLanguage":"it-IT","potentialAction":[{"@type":"ReadAction","target":["https:\/\/www.4winds.it\/wordpress\/capodanno-a-istanbul-dicembre-2015\/"]}]},{"@type":"ImageObject","inLanguage":"it-IT","@id":"https:\/\/www.4winds.it\/wordpress\/capodanno-a-istanbul-dicembre-2015\/#primaryimage","url":"https:\/\/i0.wp.com\/www.4winds.it\/wordpress\/wp-content\/uploads\/2013\/10\/turchia.jpg?fit=800%2C399&ssl=1","contentUrl":"https:\/\/i0.wp.com\/www.4winds.it\/wordpress\/wp-content\/uploads\/2013\/10\/turchia.jpg?fit=800%2C399&ssl=1","width":800,"height":399},{"@type":"WebSite","@id":"https:\/\/www.4winds.it\/wordpress\/#website","url":"https:\/\/www.4winds.it\/wordpress\/","name":"4Winds","description":"Blog, Offerte e Comunicati stampa","publisher":{"@id":"https:\/\/www.4winds.it\/wordpress\/#organization"},"potentialAction":[{"@type":"SearchAction","target":{"@type":"EntryPoint","urlTemplate":"https:\/\/www.4winds.it\/wordpress\/?s={search_term_string}"},"query-input":{"@type":"PropertyValueSpecification","valueRequired":true,"valueName":"search_term_string"}}],"inLanguage":"it-IT"},{"@type":"Organization","@id":"https:\/\/www.4winds.it\/wordpress\/#organization","name":"4Winds","url":"https:\/\/www.4winds.it\/wordpress\/","logo":{"@type":"ImageObject","inLanguage":"it-IT","@id":"https:\/\/www.4winds.it\/wordpress\/#\/schema\/logo\/image\/","url":"https:\/\/i2.wp.com\/www.4winds.it\/wordpress\/wp-content\/uploads\/2015\/02\/cropped-4winds.jpg?fit=260%2C110&ssl=1","contentUrl":"https:\/\/i2.wp.com\/www.4winds.it\/wordpress\/wp-content\/uploads\/2015\/02\/cropped-4winds.jpg?fit=260%2C110&ssl=1","width":260,"height":110,"caption":"4Winds"},"image":{"@id":"https:\/\/www.4winds.it\/wordpress\/#\/schema\/logo\/image\/"},"sameAs":["https:\/\/www.facebook.com\/4Windsviaggi"]},{"@type":"Person","@id":"https:\/\/www.4winds.it\/wordpress\/#\/schema\/person\/6e0abeff05f07ecee6a38c22ccebf4da","name":"Chiara","image":{"@type":"ImageObject","inLanguage":"it-IT","@id":"https:\/\/www.4winds.it\/wordpress\/#\/schema\/person\/image\/","url":"https:\/\/secure.gravatar.com\/avatar\/89a1119f1d34940766d39445dee99854c64d0c218e88c1f80e7cae36479be70b?s=96&d=mm&r=g","contentUrl":"https:\/\/secure.gravatar.com\/avatar\/89a1119f1d34940766d39445dee99854c64d0c218e88c1f80e7cae36479be70b?s=96&d=mm&r=g","caption":"Chiara"},"sameAs":["http:\/\/4winds.it"],"url":"https:\/\/www.4winds.it\/wordpress\/author\/chiara-mellina\/"}]}},"jetpack_publicize_connections":[],"jetpack_featured_media_url":"https:\/\/i0.wp.com\/www.4winds.it\/wordpress\/wp-content\/uploads\/2013\/10\/turchia.jpg?fit=800%2C399&ssl=1","jetpack_sharing_enabled":true,"jetpack_shortlink":"https:\/\/wp.me\/p3Vw94-R5","jetpack_likes_enabled":true,"_links":{"self":[{"href":"https:\/\/www.4winds.it\/wordpress\/wp-json\/wp\/v2\/posts\/3291","targetHints":{"allow":["GET"]}}],"collection":[{"href":"https:\/\/www.4winds.it\/wordpress\/wp-json\/wp\/v2\/posts"}],"about":[{"href":"https:\/\/www.4winds.it\/wordpress\/wp-json\/wp\/v2\/types\/post"}],"author":[{"embeddable":true,"href":"https:\/\/www.4winds.it\/wordpress\/wp-json\/wp\/v2\/users\/2"}],"replies":[{"embeddable":true,"href":"https:\/\/www.4winds.it\/wordpress\/wp-json\/wp\/v2\/comments?post=3291"}],"version-history":[{"count":3,"href":"https:\/\/www.4winds.it\/wordpress\/wp-json\/wp\/v2\/posts\/3291\/revisions"}],"predecessor-version":[{"id":3294,"href":"https:\/\/www.4winds.it\/wordpress\/wp-json\/wp\/v2\/posts\/3291\/revisions\/3294"}],"wp:featuredmedia":[{"embeddable":true,"href":"https:\/\/www.4winds.it\/wordpress\/wp-json\/wp\/v2\/media\/647"}],"wp:attachment":[{"href":"https:\/\/www.4winds.it\/wordpress\/wp-json\/wp\/v2\/media?parent=3291"}],"wp:term":[{"taxonomy":"category","embeddable":true,"href":"https:\/\/www.4winds.it\/wordpress\/wp-json\/wp\/v2\/categories?post=3291"},{"taxonomy":"post_tag","embeddable":true,"href":"https:\/\/www.4winds.it\/wordpress\/wp-json\/wp\/v2\/tags?post=3291"}],"curies":[{"name":"wp","href":"https:\/\/api.w.org\/{rel}","templated":true}]}}